{"id":5219,"date":"2023-09-22T17:00:16","date_gmt":"2023-09-22T14:00:16","guid":{"rendered":"https:\/\/meltemayhan.k12.tr\/anadolu-fen-lisesi\/?p=5219"},"modified":"2024-01-04T14:44:18","modified_gmt":"2024-01-04T11:44:18","slug":"meltem-ayhan-okullari-ilkokul-veli-roportajlari","status":"publish","type":"post","link":"https:\/\/meltemayhan.k12.tr\/anadolu-fen-lisesi\/meltem-ayhan-okullari-ilkokul-veli-roportajlari\/","title":{"rendered":"Meltem Ayhan Okullar\u0131 &#8211; \u0130lkokul Veli R\u00f6portajlar\u0131"},"content":{"rendered":"<p><iframe width=\"678\" height=\"381\" src=\"https:\/\/www.youtube.com\/embed\/KdQioGWARUk\" frameborder=\"0\" allow=\"accelerometer; autoplay; clipboard-write; encrypted-media; gyroscope; picture-in-picture\" allowfullscreen><\/iframe><br \/>\nMeltem Ayhan Okullar\u0131 &#8211; \u0130lkokul Veli R\u00f6portajlar\u0131<\/p>\n<p>D\u0130L \u00d6\u011eREND\u0130K\u00c7E D\u00dcNYA K\u00dc\u00c7\u00dcL\u00dcYOR<br \/>\nDil d\u00fcnyay\u0131 tan\u0131ma, kendini ifade etme arac\u0131d\u0131r ve ara\u015ft\u0131rmalar, \u00e7ift dilli \u00e7ocuklar\u0131n zihinsel, sosyal ve ki\u015fisel geli\u015fim bak\u0131m\u0131ndan avantajl\u0131 bireyler olduklar\u0131n\u0131 g\u00f6steriyor. Bu nedenle \u00e7ocuklar\u0131m\u0131z\u0131 ya\u015famlar\u0131n\u0131n her a\u015famas\u0131nda avantajl\u0131 k\u0131lmak i\u00e7in onlar\u0131n ikinci dil edinmelerini \u00f6nemsiyoruz. Bilinen okul programlar\u0131yla ikinci bir dil edinmenin m\u00fcmk\u00fcn olamad\u0131\u011f\u0131 ortada. Sorunu evrensel uygulamalarla a\u015f\u0131yor,  derslerimizde Cambridge dil e\u011fitimi sistemini kullan\u0131yoruz. \u0130kinci dil derslerimizi Main Cours, Speaking, Activity olarak \u00fc\u00e7 farkl\u0131 \u00f6\u011fretmenle b\u00fct\u00fcnl\u00fck i\u00e7inde ve Eclectic Metod ile yap\u0131land\u0131r\u0131yoruz.<\/p>\n<p>Biz \u0130ngilizce \u00f6\u011fretmenleri, okul i\u00e7inde \u00f6\u011frencilerimizle T\u00fcrk\u00e7e konu\u015fmuyoruz!<\/p>\n<p>MATEMAT\u0130K\u00c7E<br \/>\nBizim anadilimiz T\u00fcrk\u00e7e, do\u011fan\u0131nki matematik\u00e7e! Anla\u015fabilmemiz i\u00e7in do\u011fan\u0131n dilimizi \u00f6\u011frenmesini beklemiyoruz, biz matematik\u00e7e \u00f6\u011freniyoruz. B\u00f6ylece matematik, hem bir ders hem bir kayg\u0131 olmaktan \u00e7\u0131k\u0131yor. \u00c7\u00fcnk\u00fc bu dili oyunlarla, ta\u015ftan topra\u011fa, a\u011fa\u00e7taki daldan yapra\u011fa, e\u011flenceli bir\u00e7ok materyalden yaralanarak \u00f6\u011freniyoruz. Drama yoluyla problem kuruyor, beyin f\u0131rt\u0131nas\u0131yla \u00e7\u00f6z\u00fcmler geli\u015ftiriyoruz.<\/p>\n<p>Satran\u00e7 dersiyle \u00e7ocuklar\u0131m\u0131za problem \u00e7\u00f6zme, kritik d\u00fc\u015f\u00fcnme ve strateji geli\u015ftirme becerileri kazand\u0131rmay\u0131 ama\u00e7l\u0131yoruz.<\/p>\n<p>#ilkokul #yenimahalle #bat\u0131kent <\/p>\n<p>instagram: www.instagram.com\/meltemayhanokullari\/<br \/>\n<!-- Video Blogster Pro --><\/p>\n","protected":false},"excerpt":{"rendered":"<p>Meltem Ayhan Okullar\u0131 &#8211; \u0130lkokul Veli R\u00f6portajlar\u0131 D\u0130L \u00d6\u011eREND\u0130K\u00c7E D\u00dcNYA K\u00dc\u00c7\u00dcL\u00dcYOR Dil d\u00fcnyay\u0131 tan\u0131ma, kendini ifade etme arac\u0131d\u0131r ve ara\u015ft\u0131rmalar, \u00e7ift dilli \u00e7ocuklar\u0131n zihinsel, sosyal ve ki\u015fisel geli\u015fim bak\u0131m\u0131ndan avantajl\u0131 bireyler olduklar\u0131n\u0131 g\u00f6steriyor. Bu nedenle \u00e7ocuklar\u0131m\u0131z\u0131 ya\u015famlar\u0131n\u0131n her a\u015famas\u0131nda avantajl\u0131 k\u0131lmak i\u00e7in onlar\u0131n ikinci dil edinmelerini \u00f6nemsiyoruz. Bilinen okul programlar\u0131yla ikinci bir dil edinmenin m\u00fcmk\u00fcn&hellip;<\/p>\n","protected":false},"author":1,"featured_media":5220,"comment_status":"open","ping_status":"open","sticky":false,"template":"","format":"video","meta":{"content-type":"","footnotes":""},"categories":[27],"tags":[65,42,39,43,100,130,36,34,35,132,41,324,134,31,37,133,38,28,29,323,101,131,40],"class_list":["post-5219","post","type-post","status-publish","format-video","has-post-thumbnail","hentry","category-ozel-meltem-ayhan-koleji-videolar","tag-ankara","tag-ankara-ozel-ilkokul","tag-ankara-ozel-okul","tag-ankara-ozel-ortaokul","tag-batikent","tag-batikent-ozel-ilkokul","tag-batikent-ozel-okul-fiyatlari","tag-batikent-ozel-okullar","tag-batikent-ozel-okullar-listesi","tag-cakirlar-ozel-ilkokul","tag-cakirlar-ozel-okul","tag-ergazi-ozel-ilkokul","tag-eryaman-ozel-ilkokul","tag-etimesgut-anaokulu","tag-etimesgut-ozel-anaokullari","tag-etimesgut-ozel-ilkokul","tag-etimesgut-ozel-ilkokullar","tag-meltem-ayhan","tag-meltem-ayhan-okullari","tag-ozel-ilkokul","tag-yenimahalle","tag-yenimahalle-ozel-ilkokul","tag-yenimahalle-ozel-okul","post_format-post-format-video"],"_links":{"self":[{"href":"https:\/\/meltemayhan.k12.tr\/anadolu-fen-lisesi\/wp-json\/wp\/v2\/posts\/5219","targetHints":{"allow":["GET"]}}],"collection":[{"href":"https:\/\/meltemayhan.k12.tr\/anadolu-fen-lisesi\/wp-json\/wp\/v2\/posts"}],"about":[{"href":"https:\/\/meltemayhan.k12.tr\/anadolu-fen-lisesi\/wp-json\/wp\/v2\/types\/post"}],"author":[{"embeddable":true,"href":"https:\/\/meltemayhan.k12.tr\/anadolu-fen-lisesi\/wp-json\/wp\/v2\/users\/1"}],"replies":[{"embeddable":true,"href":"https:\/\/meltemayhan.k12.tr\/anadolu-fen-lisesi\/wp-json\/wp\/v2\/comments?post=5219"}],"version-history":[{"count":0,"href":"https:\/\/meltemayhan.k12.tr\/anadolu-fen-lisesi\/wp-json\/wp\/v2\/posts\/5219\/revisions"}],"wp:featuredmedia":[{"embeddable":true,"href":"https:\/\/meltemayhan.k12.tr\/anadolu-fen-lisesi\/wp-json\/wp\/v2\/media\/5220"}],"wp:attachment":[{"href":"https:\/\/meltemayhan.k12.tr\/anadolu-fen-lisesi\/wp-json\/wp\/v2\/media?parent=5219"}],"wp:term":[{"taxonomy":"category","embeddable":true,"href":"https:\/\/meltemayhan.k12.tr\/anadolu-fen-lisesi\/wp-json\/wp\/v2\/categories?post=5219"},{"taxonomy":"post_tag","embeddable":true,"href":"https:\/\/meltemayhan.k12.tr\/anadolu-fen-lisesi\/wp-json\/wp\/v2\/tags?post=5219"}],"curies":[{"name":"wp","href":"https:\/\/api.w.org\/{rel}","templated":true}]}}