{"id":5114,"date":"2019-02-25T16:43:45","date_gmt":"2019-02-25T13:43:45","guid":{"rendered":"https:\/\/meltemayhan.k12.tr\/anadolu-fen-lisesi\/?p=5114"},"modified":"2024-01-04T14:43:07","modified_gmt":"2024-01-04T11:43:07","slug":"meltem-ayhan-okullari-tanitim-filmi","status":"publish","type":"post","link":"https:\/\/meltemayhan.k12.tr\/anadolu-fen-lisesi\/meltem-ayhan-okullari-tanitim-filmi\/","title":{"rendered":"Meltem Ayhan Okullar\u0131 &#8211; Tan\u0131t\u0131m Filmi"},"content":{"rendered":"<p><iframe width=\"678\" height=\"381\" src=\"https:\/\/www.youtube.com\/embed\/qKXXpmsCNUU\" frameborder=\"0\" allow=\"accelerometer; autoplay; clipboard-write; encrypted-media; gyroscope; picture-in-picture\" allowfullscreen><\/iframe><br \/>\nMeltem Ayhan Okullar\u0131 olarak, 21 y\u0131ll\u0131k tecr\u00fcbemizle anaokulundan liseye e\u011fitim ekosistemimizi geli\u015ftirip g\u00fc\u00e7lendirmeye devam ediyoruz.<\/p>\n<p>V\u0130ZYONUMUZ<br \/>\nBiz, \u00d6zel Meltem Ayhan Okullar\u0131, \u00e7a\u011fda\u015f ulusal de\u011ferleri ve evrensel ya\u015fam k\u00fclt\u00fcr\u00fcn\u00fc i\u00e7selle\u015ftirmi\u015f, yar\u0131n\u0131n T\u00fcrkiye\u2019sinde ve d\u00fcnyas\u0131nda etkin rol almaya istekli, kendisiyle ve \u00e7evresiyle bar\u0131\u015f\u0131k, akademik ve sosyal becerileri \u00fcst d\u00fczeyde gen\u00e7ler yeti\u015ftirmeye odaklanm\u0131\u015f bir e\u011fitim kurumuyuz.<\/p>\n<p>M\u0130SYONUMUZ<br \/>\n\u00d6\u011frencilerimizi, Akademik Programlar\u0131m\u0131zla \u00e7a\u011fda\u015f d\u00fcnyan\u0131n ve 21. y\u00fczy\u0131l\u0131n gerektirdi\u011fi bilgi ve becerilerle donatmak, onlar\u0131n analitik d\u00fc\u015f\u00fcnme ve problem \u00e7\u00f6zme becerilerini geli\u015ftirmek; Sosyal Geli\u015fim Programlar\u0131m\u0131zla Cumhuriyet de\u011ferlerini, Atat\u00fcrk ilke ve ink\u0131laplar\u0131n\u0131 benimsemi\u015f, toplumsal sorumluluklar\u0131 y\u00fcksek, \u00f6zg\u00fcven sahibi bireyler olarak yeti\u015ftirmek i\u00e7in var\u0131z.<\/p>\n<p>#ankara\u00f6zelokul #yenimahalle\u00f6zelokul #bat\u0131kent\u00f6zelokul<\/p>\n<p>instagram: www.instagram.com\/meltemayhanokullari\/<br \/>\nWeb: www.meltemayhan.k12.tr\/anadolu-fen-lisesi\/<br \/>\n<!-- Video Blogster Pro --><\/p>\n","protected":false},"excerpt":{"rendered":"<p>Meltem Ayhan Okullar\u0131 olarak, 21 y\u0131ll\u0131k tecr\u00fcbemizle anaokulundan liseye e\u011fitim ekosistemimizi geli\u015ftirip g\u00fc\u00e7lendirmeye devam ediyoruz. V\u0130ZYONUMUZ Biz, \u00d6zel Meltem Ayhan Okullar\u0131, \u00e7a\u011fda\u015f ulusal de\u011ferleri ve evrensel ya\u015fam k\u00fclt\u00fcr\u00fcn\u00fc i\u00e7selle\u015ftirmi\u015f, yar\u0131n\u0131n T\u00fcrkiye\u2019sinde ve d\u00fcnyas\u0131nda etkin rol almaya istekli, kendisiyle ve \u00e7evresiyle bar\u0131\u015f\u0131k, akademik ve sosyal becerileri \u00fcst d\u00fczeyde gen\u00e7ler yeti\u015ftirmeye odaklanm\u0131\u015f bir e\u011fitim kurumuyuz. M\u0130SYONUMUZ \u00d6\u011frencilerimizi,&hellip;<\/p>\n","protected":false},"author":1,"featured_media":5115,"comment_status":"open","ping_status":"open","sticky":false,"template":"","format":"video","meta":{"content-type":"","footnotes":""},"categories":[27],"tags":[46,86,39,125,47,126,122,128,60,123,127,52,121,124,40],"class_list":["post-5114","post","type-post","status-publish","format-video","has-post-thumbnail","hentry","category-ozel-meltem-ayhan-koleji-videolar","tag-anadolu-lisesi","tag-anaokulu","tag-ankara-ozel-okul","tag-batikent-ozel-okul","tag-fen-lisesi","tag-ilkokul","tag-kolej","tag-kres","tag-lise","tag-okul","tag-ortaokul","tag-ozel-okul","tag-ozel-okullar","tag-tanitim-filmi","tag-yenimahalle-ozel-okul","post_format-post-format-video"],"_links":{"self":[{"href":"https:\/\/meltemayhan.k12.tr\/anadolu-fen-lisesi\/wp-json\/wp\/v2\/posts\/5114","targetHints":{"allow":["GET"]}}],"collection":[{"href":"https:\/\/meltemayhan.k12.tr\/anadolu-fen-lisesi\/wp-json\/wp\/v2\/posts"}],"about":[{"href":"https:\/\/meltemayhan.k12.tr\/anadolu-fen-lisesi\/wp-json\/wp\/v2\/types\/post"}],"author":[{"embeddable":true,"href":"https:\/\/meltemayhan.k12.tr\/anadolu-fen-lisesi\/wp-json\/wp\/v2\/users\/1"}],"replies":[{"embeddable":true,"href":"https:\/\/meltemayhan.k12.tr\/anadolu-fen-lisesi\/wp-json\/wp\/v2\/comments?post=5114"}],"version-history":[{"count":0,"href":"https:\/\/meltemayhan.k12.tr\/anadolu-fen-lisesi\/wp-json\/wp\/v2\/posts\/5114\/revisions"}],"wp:featuredmedia":[{"embeddable":true,"href":"https:\/\/meltemayhan.k12.tr\/anadolu-fen-lisesi\/wp-json\/wp\/v2\/media\/5115"}],"wp:attachment":[{"href":"https:\/\/meltemayhan.k12.tr\/anadolu-fen-lisesi\/wp-json\/wp\/v2\/media?parent=5114"}],"wp:term":[{"taxonomy":"category","embeddable":true,"href":"https:\/\/meltemayhan.k12.tr\/anadolu-fen-lisesi\/wp-json\/wp\/v2\/categories?post=5114"},{"taxonomy":"post_tag","embeddable":true,"href":"https:\/\/meltemayhan.k12.tr\/anadolu-fen-lisesi\/wp-json\/wp\/v2\/tags?post=5114"}],"curies":[{"name":"wp","href":"https:\/\/api.w.org\/{rel}","templated":true}]}}