{"id":5102,"date":"2023-11-25T16:13:00","date_gmt":"2023-11-25T13:13:00","guid":{"rendered":"https:\/\/meltemayhan.k12.tr\/anadolu-fen-lisesi\/?p=5102"},"modified":"2024-01-04T14:42:58","modified_gmt":"2024-01-04T11:42:58","slug":"meltem-ayhan-egitim-kurumlari-her-cocuk-bir-cicektir-ogretmenlergunu-ogretmen-ogrenci","status":"publish","type":"post","link":"https:\/\/meltemayhan.k12.tr\/anadolu-fen-lisesi\/meltem-ayhan-egitim-kurumlari-her-cocuk-bir-cicektir-ogretmenlergunu-ogretmen-ogrenci\/","title":{"rendered":"Meltem Ayhan E\u011fitim Kurumlar\u0131 &#8211; Her \u00e7ocuk bir \u00e7i\u00e7ektir&#8230; #\u00f6\u011fretmenlerg\u00fcn\u00fc #\u00f6\u011fretmen #\u00f6\u011frenci"},"content":{"rendered":"<p><iframe width=\"678\" height=\"381\" src=\"https:\/\/www.youtube.com\/embed\/3aWT4Cog7ho\" frameborder=\"0\" allow=\"accelerometer; autoplay; clipboard-write; encrypted-media; gyroscope; picture-in-picture\" allowfullscreen><\/iframe><br \/>\nMeltem Ayhan E\u011fitim Kurumlar\u0131 &#8211; Her \u00e7ocuk bir \u00e7i\u00e7ektir&#8230; <\/p>\n<p>V\u0130ZYONUMUZ<br \/>\nBiz, \u00d6zel Meltem Ayhan Okullar\u0131, \u00e7a\u011fda\u015f ulusal de\u011ferleri ve evrensel ya\u015fam k\u00fclt\u00fcr\u00fcn\u00fc i\u00e7selle\u015ftirmi\u015f, yar\u0131n\u0131n T\u00fcrkiye\u2019sinde ve d\u00fcnyas\u0131nda etkin rol almaya istekli, kendisiyle ve \u00e7evresiyle bar\u0131\u015f\u0131k, akademik ve sosyal becerileri \u00fcst d\u00fczeyde gen\u00e7ler yeti\u015ftirmeye odaklanm\u0131\u015f bir e\u011fitim kurumuyuz.<\/p>\n<p>M\u0130SYONUMUZ<br \/>\n\u00d6\u011frencilerimizi, Akademik Programlar\u0131m\u0131zla \u00e7a\u011fda\u015f d\u00fcnyan\u0131n ve 21. y\u00fczy\u0131l\u0131n gerektirdi\u011fi bilgi ve becerilerle donatmak, onlar\u0131n analitik d\u00fc\u015f\u00fcnme ve problem \u00e7\u00f6zme becerilerini geli\u015ftirmek; Sosyal Geli\u015fim Programlar\u0131m\u0131zla Cumhuriyet de\u011ferlerini, Atat\u00fcrk ilke ve ink\u0131laplar\u0131n\u0131 benimsemi\u015f, toplumsal sorumluluklar\u0131 y\u00fcksek, \u00f6zg\u00fcven sahibi bireyler olarak yeti\u015ftirmek i\u00e7in var\u0131z.<\/p>\n<p>#\u00f6\u011fretmenlerg\u00fcn\u00fc #\u00f6\u011fretmen #\u00f6\u011frenci <\/p>\n<p>instagram: www.instagram.com\/meltemayhanokullari\/<br \/>\nWeb: www.meltemayhan.k12.tr\/anadolu-fen-lisesi\/<br \/>\n<!-- Video Blogster Pro --><\/p>\n","protected":false},"excerpt":{"rendered":"<p>Meltem Ayhan E\u011fitim Kurumlar\u0131 &#8211; Her \u00e7ocuk bir \u00e7i\u00e7ektir&#8230; V\u0130ZYONUMUZ Biz, \u00d6zel Meltem Ayhan Okullar\u0131, \u00e7a\u011fda\u015f ulusal de\u011ferleri ve evrensel ya\u015fam k\u00fclt\u00fcr\u00fcn\u00fc i\u00e7selle\u015ftirmi\u015f, yar\u0131n\u0131n T\u00fcrkiye\u2019sinde ve d\u00fcnyas\u0131nda etkin rol almaya istekli, kendisiyle ve \u00e7evresiyle bar\u0131\u015f\u0131k, akademik ve sosyal becerileri \u00fcst d\u00fczeyde gen\u00e7ler yeti\u015ftirmeye odaklanm\u0131\u015f bir e\u011fitim kurumuyuz. M\u0130SYONUMUZ \u00d6\u011frencilerimizi, Akademik Programlar\u0131m\u0131zla \u00e7a\u011fda\u015f d\u00fcnyan\u0131n ve 21.&hellip;<\/p>\n","protected":false},"author":1,"featured_media":5103,"comment_status":"open","ping_status":"open","sticky":false,"template":"","format":"video","meta":{"content-type":"","footnotes":""},"categories":[27],"tags":[42,51,39,43,50,30,36,34,35,41,32,31,33,37,38,94,28,29,95,93,96,92,49,40,48],"class_list":["post-5102","post","type-post","status-publish","format-video","has-post-thumbnail","hentry","category-ozel-meltem-ayhan-koleji-videolar","tag-ankara-ozel-ilkokul","tag-ankara-ozel-lise","tag-ankara-ozel-okul","tag-ankara-ozel-ortaokul","tag-ayt","tag-batikent-ozel-kresler","tag-batikent-ozel-okul-fiyatlari","tag-batikent-ozel-okullar","tag-batikent-ozel-okullar-listesi","tag-cakirlar-ozel-okul","tag-eryaman-kres","tag-etimesgut-anaokulu","tag-etimesgut-kres","tag-etimesgut-ozel-anaokullari","tag-etimesgut-ozel-ilkokullar","tag-her-cocuk-bir-cicektir","tag-meltem-ayhan","tag-meltem-ayhan-okullari","tag-ogrenci","tag-ogretmen","tag-ogretmenler","tag-ogretmenler-gunu","tag-tyt","tag-yenimahalle-ozel-okul","tag-yks","post_format-post-format-video"],"_links":{"self":[{"href":"https:\/\/meltemayhan.k12.tr\/anadolu-fen-lisesi\/wp-json\/wp\/v2\/posts\/5102","targetHints":{"allow":["GET"]}}],"collection":[{"href":"https:\/\/meltemayhan.k12.tr\/anadolu-fen-lisesi\/wp-json\/wp\/v2\/posts"}],"about":[{"href":"https:\/\/meltemayhan.k12.tr\/anadolu-fen-lisesi\/wp-json\/wp\/v2\/types\/post"}],"author":[{"embeddable":true,"href":"https:\/\/meltemayhan.k12.tr\/anadolu-fen-lisesi\/wp-json\/wp\/v2\/users\/1"}],"replies":[{"embeddable":true,"href":"https:\/\/meltemayhan.k12.tr\/anadolu-fen-lisesi\/wp-json\/wp\/v2\/comments?post=5102"}],"version-history":[{"count":0,"href":"https:\/\/meltemayhan.k12.tr\/anadolu-fen-lisesi\/wp-json\/wp\/v2\/posts\/5102\/revisions"}],"wp:featuredmedia":[{"embeddable":true,"href":"https:\/\/meltemayhan.k12.tr\/anadolu-fen-lisesi\/wp-json\/wp\/v2\/media\/5103"}],"wp:attachment":[{"href":"https:\/\/meltemayhan.k12.tr\/anadolu-fen-lisesi\/wp-json\/wp\/v2\/media?parent=5102"}],"wp:term":[{"taxonomy":"category","embeddable":true,"href":"https:\/\/meltemayhan.k12.tr\/anadolu-fen-lisesi\/wp-json\/wp\/v2\/categories?post=5102"},{"taxonomy":"post_tag","embeddable":true,"href":"https:\/\/meltemayhan.k12.tr\/anadolu-fen-lisesi\/wp-json\/wp\/v2\/tags?post=5102"}],"curies":[{"name":"wp","href":"https:\/\/api.w.org\/{rel}","templated":true}]}}