{"id":3975,"date":"2023-06-16T11:59:13","date_gmt":"2023-06-16T11:59:13","guid":{"rendered":"https:\/\/www.meltemayhan.k12.tr\/anadolu-fen-lisesi\/?p=3975"},"modified":"2024-01-04T12:09:40","modified_gmt":"2024-01-04T09:09:40","slug":"egitim-ve-guvenlik-toplantisi-gerceklestirildi","status":"publish","type":"post","link":"https:\/\/meltemayhan.k12.tr\/anadolu-fen-lisesi\/egitim-ve-guvenlik-toplantisi-gerceklestirildi\/","title":{"rendered":"E\u011fitim ve G\u00fcvenlik Toplant\u0131s\u0131 Ger\u00e7ekle\u015ftirildi"},"content":{"rendered":"<p>Yenimahalle Kaymakam\u0131m\u0131z Say\u0131n T\u00fcrker \u00c7a\u011fatay Halim, okulumuzda \u201cE\u011fitim ve G\u00fcvenlik\u201d konulu bir toplant\u0131 d\u00fczenledi. Okul y\u00f6neticileri ve \u00f6\u011fretmenlerimizin kat\u0131ld\u0131\u011f\u0131 toplant\u0131da konuyla ilgili bilgi ve deneyimlerini payla\u015fan Kaymakam\u0131m\u0131za \u0130l\u00e7e Milli E\u011fitim M\u00fcd\u00fcr\u00fc Say\u0131n Veli Karaku\u015f ile \u0130l\u00e7e Emniyet M\u00fcd\u00fcr Yard\u0131mc\u0131s\u0131 Say\u0131n Cihan Ersoy da e\u015flik ettiler. Kurucumuz Meltem Ayhan Ba\u015fal toplant\u0131n\u0131n sonunda Say\u0131n Kaymakam\u0131m\u0131za ve kat\u0131l\u0131mc\u0131lara de\u011ferli bilgilerini payla\u015ft\u0131klar\u0131 i\u00e7in te\u015fekk\u00fcr etti.<\/p>\n","protected":false},"excerpt":{"rendered":"<p>Yenimahalle Kaymakam\u0131m\u0131z Say\u0131n T\u00fcrker \u00c7a\u011fatay Halim, okulumuzda \u201cE\u011fitim ve G\u00fcvenlik\u201d [&hellip;]<\/p>\n","protected":false},"author":1,"featured_media":4990,"comment_status":"open","ping_status":"open","sticky":false,"template":"","format":"standard","meta":{"content-type":"","footnotes":""},"categories":[24],"tags":[],"class_list":["post-3975","post","type-post","status-publish","format-standard","has-post-thumbnail","hentry","category-meltem-ayhan-okullari-duyurular"],"_links":{"self":[{"href":"https:\/\/meltemayhan.k12.tr\/anadolu-fen-lisesi\/wp-json\/wp\/v2\/posts\/3975","targetHints":{"allow":["GET"]}}],"collection":[{"href":"https:\/\/meltemayhan.k12.tr\/anadolu-fen-lisesi\/wp-json\/wp\/v2\/posts"}],"about":[{"href":"https:\/\/meltemayhan.k12.tr\/anadolu-fen-lisesi\/wp-json\/wp\/v2\/types\/post"}],"author":[{"embeddable":true,"href":"https:\/\/meltemayhan.k12.tr\/anadolu-fen-lisesi\/wp-json\/wp\/v2\/users\/1"}],"replies":[{"embeddable":true,"href":"https:\/\/meltemayhan.k12.tr\/anadolu-fen-lisesi\/wp-json\/wp\/v2\/comments?post=3975"}],"version-history":[{"count":0,"href":"https:\/\/meltemayhan.k12.tr\/anadolu-fen-lisesi\/wp-json\/wp\/v2\/posts\/3975\/revisions"}],"wp:featuredmedia":[{"embeddable":true,"href":"https:\/\/meltemayhan.k12.tr\/anadolu-fen-lisesi\/wp-json\/wp\/v2\/media\/4990"}],"wp:attachment":[{"href":"https:\/\/meltemayhan.k12.tr\/anadolu-fen-lisesi\/wp-json\/wp\/v2\/media?parent=3975"}],"wp:term":[{"taxonomy":"category","embeddable":true,"href":"https:\/\/meltemayhan.k12.tr\/anadolu-fen-lisesi\/wp-json\/wp\/v2\/categories?post=3975"},{"taxonomy":"post_tag","embeddable":true,"href":"https:\/\/meltemayhan.k12.tr\/anadolu-fen-lisesi\/wp-json\/wp\/v2\/tags?post=3975"}],"curies":[{"name":"wp","href":"https:\/\/api.w.org\/{rel}","templated":true}]}}