{"id":3972,"date":"2023-06-11T11:57:25","date_gmt":"2023-06-11T11:57:25","guid":{"rendered":"https:\/\/www.meltemayhan.k12.tr\/anadolu-fen-lisesi\/?p=3972"},"modified":"2023-06-11T11:57:25","modified_gmt":"2023-06-11T11:57:25","slug":"canakkale-gezimiz","status":"publish","type":"post","link":"https:\/\/meltemayhan.k12.tr\/anadolu-fen-lisesi\/canakkale-gezimiz\/","title":{"rendered":"\u00c7ANAKKALE GEZ\u0130M\u0130Z"},"content":{"rendered":"<p>Meltem Ayhan Okullar\u0131 olarak ortaokul ve lise \u00f6\u011frencilerimizle \u00c7anakkale ruhunu yerinde ya\u015famak istedik. D\u00fczenledi\u011fimiz gezinin 1. g\u00fcn\u00fcne Gelibolu&#8217;da kahvalt\u0131 ile ba\u015flayan \u00f6\u011frencilerimiz ve \u00f6\u011fretmenlerimiz Kilit Bahir Kalesi&#8217;ni, Seyit Onba\u015f\u0131&#8217;y\u0131, \u015eahindere ve 57. Alay \u015eehitli\u011fi&#8217;ni, \u015eehitler Abidesi&#8217;ni ziyaret edip Conk Bay\u0131r\u0131\u2019n\u0131 gezdikten sonra Assos\u2019ta konaklayarak g\u00fcn\u00fcn anlaml\u0131 yorgunlu\u011funu att\u0131lar. 2. g\u00fcn Behramkale\u2019yi gezen \u00f6\u011frencilerimiz ve \u00f6\u011fretmenlerimiz, yak\u0131n tarihimizin gururuyla dolduklar\u0131 program\u0131 tamamlad\u0131lar.<\/p>\n","protected":false},"excerpt":{"rendered":"<p>Meltem Ayhan Okullar\u0131 olarak ortaokul ve lise \u00f6\u011frencilerimizle \u00c7anakkale ruhunu [&hellip;]<\/p>\n","protected":false},"author":1,"featured_media":3973,"comment_status":"open","ping_status":"open","sticky":false,"template":"","format":"standard","meta":{"content-type":"","footnotes":""},"categories":[1],"tags":[],"class_list":["post-3972","post","type-post","status-publish","format-standard","has-post-thumbnail","hentry","category-genel"],"_links":{"self":[{"href":"https:\/\/meltemayhan.k12.tr\/anadolu-fen-lisesi\/wp-json\/wp\/v2\/posts\/3972","targetHints":{"allow":["GET"]}}],"collection":[{"href":"https:\/\/meltemayhan.k12.tr\/anadolu-fen-lisesi\/wp-json\/wp\/v2\/posts"}],"about":[{"href":"https:\/\/meltemayhan.k12.tr\/anadolu-fen-lisesi\/wp-json\/wp\/v2\/types\/post"}],"author":[{"embeddable":true,"href":"https:\/\/meltemayhan.k12.tr\/anadolu-fen-lisesi\/wp-json\/wp\/v2\/users\/1"}],"replies":[{"embeddable":true,"href":"https:\/\/meltemayhan.k12.tr\/anadolu-fen-lisesi\/wp-json\/wp\/v2\/comments?post=3972"}],"version-history":[{"count":0,"href":"https:\/\/meltemayhan.k12.tr\/anadolu-fen-lisesi\/wp-json\/wp\/v2\/posts\/3972\/revisions"}],"wp:featuredmedia":[{"embeddable":true,"href":"https:\/\/meltemayhan.k12.tr\/anadolu-fen-lisesi\/wp-json\/"}],"wp:attachment":[{"href":"https:\/\/meltemayhan.k12.tr\/anadolu-fen-lisesi\/wp-json\/wp\/v2\/media?parent=3972"}],"wp:term":[{"taxonomy":"category","embeddable":true,"href":"https:\/\/meltemayhan.k12.tr\/anadolu-fen-lisesi\/wp-json\/wp\/v2\/categories?post=3972"},{"taxonomy":"post_tag","embeddable":true,"href":"https:\/\/meltemayhan.k12.tr\/anadolu-fen-lisesi\/wp-json\/wp\/v2\/tags?post=3972"}],"curies":[{"name":"wp","href":"https:\/\/api.w.org\/{rel}","templated":true}]}}