{"id":3886,"date":"2022-04-12T08:44:11","date_gmt":"2022-04-12T08:44:11","guid":{"rendered":"https:\/\/www.meltemayhan.k12.tr\/anadolu-fen-lisesi\/?p=3886"},"modified":"2022-04-12T08:44:11","modified_gmt":"2022-04-12T08:44:11","slug":"kurucumuz-meltem-ayhan-basal-ile-wcep-worldwide-cultural-exchange-program-turkiye-egitim-muduru-serdar-aydin-arasinda-uluslararasi-akademik-is-birligi-protokolu-imzalandi","status":"publish","type":"post","link":"https:\/\/meltemayhan.k12.tr\/anadolu-fen-lisesi\/kurucumuz-meltem-ayhan-basal-ile-wcep-worldwide-cultural-exchange-program-turkiye-egitim-muduru-serdar-aydin-arasinda-uluslararasi-akademik-is-birligi-protokolu-imzalandi\/","title":{"rendered":"Kurucumuz Meltem Ayhan Ba\u015fal ile WCEP (Worldwide Cultural Exchange Program) T\u00fcrkiye E\u011fitim M\u00fcd\u00fcr\u00fc Serdar Ayd\u0131n aras\u0131nda ULUSLARARASI AKADEM\u0130K \u0130\u015e B\u0130RL\u0130\u011e\u0130 PROTOKOL\u00dc imzaland\u0131."},"content":{"rendered":"<p>Kurucumuz Meltem Ayhan Ba\u015fal ile WCEP (Worldwide Cultural Exchange Program) T\u00fcrkiye E\u011fitim M\u00fcd\u00fcr\u00fc Serdar Ayd\u0131n aras\u0131nda ULUSLARARASI AKADEM\u0130K \u0130\u015e B\u0130RL\u0130\u011e\u0130 PROTOKOL\u00dc imzaland\u0131. Okulumuza, ba\u015fta Kanada olmak \u00fczere 20 \u00fclkenin \u00d6\u011frenci De\u011fi\u015fim Program\u0131&#8217;na kat\u0131lma ayr\u0131cal\u0131\u011f\u0131 sa\u011flayan protokolle, \u00f6\u011frencilerimiz yurtd\u0131\u015f\u0131nda okuma olana\u011f\u0131na kavu\u015ftu. Ayr\u0131ca gerekli s\u00fcreci tamamlayan \u00f6\u011frencilerimize Kanada Lise Diplomas\u0131 (\u00c7\u0130FT D\u0130PLOMA) alma olana\u011f\u0131 sunabilecek olman\u0131n mutlulu\u011funu ya\u015f\u0131yoruz.<\/p>\n","protected":false},"excerpt":{"rendered":"<p>Kurucumuz Meltem Ayhan Ba\u015fal ile WCEP (Worldwide Cultural Exchange Program) [&hellip;]<\/p>\n","protected":false},"author":1,"featured_media":3874,"comment_status":"open","ping_status":"open","sticky":false,"template":"","format":"standard","meta":{"content-type":"","footnotes":""},"categories":[20,1,19,21,22],"tags":[],"class_list":["post-3886","post","type-post","status-publish","format-standard","has-post-thumbnail","hentry","category-anaokulu","category-genel","category-ilkokul","category-lise","category-ortaokul"],"_links":{"self":[{"href":"https:\/\/meltemayhan.k12.tr\/anadolu-fen-lisesi\/wp-json\/wp\/v2\/posts\/3886","targetHints":{"allow":["GET"]}}],"collection":[{"href":"https:\/\/meltemayhan.k12.tr\/anadolu-fen-lisesi\/wp-json\/wp\/v2\/posts"}],"about":[{"href":"https:\/\/meltemayhan.k12.tr\/anadolu-fen-lisesi\/wp-json\/wp\/v2\/types\/post"}],"author":[{"embeddable":true,"href":"https:\/\/meltemayhan.k12.tr\/anadolu-fen-lisesi\/wp-json\/wp\/v2\/users\/1"}],"replies":[{"embeddable":true,"href":"https:\/\/meltemayhan.k12.tr\/anadolu-fen-lisesi\/wp-json\/wp\/v2\/comments?post=3886"}],"version-history":[{"count":0,"href":"https:\/\/meltemayhan.k12.tr\/anadolu-fen-lisesi\/wp-json\/wp\/v2\/posts\/3886\/revisions"}],"wp:featuredmedia":[{"embeddable":true,"href":"https:\/\/meltemayhan.k12.tr\/anadolu-fen-lisesi\/wp-json\/"}],"wp:attachment":[{"href":"https:\/\/meltemayhan.k12.tr\/anadolu-fen-lisesi\/wp-json\/wp\/v2\/media?parent=3886"}],"wp:term":[{"taxonomy":"category","embeddable":true,"href":"https:\/\/meltemayhan.k12.tr\/anadolu-fen-lisesi\/wp-json\/wp\/v2\/categories?post=3886"},{"taxonomy":"post_tag","embeddable":true,"href":"https:\/\/meltemayhan.k12.tr\/anadolu-fen-lisesi\/wp-json\/wp\/v2\/tags?post=3886"}],"curies":[{"name":"wp","href":"https:\/\/api.w.org\/{rel}","templated":true}]}}