{"id":3859,"date":"2021-12-07T13:50:08","date_gmt":"2021-12-07T13:50:08","guid":{"rendered":"https:\/\/www.meltemayhan.k12.tr\/anadolu-fen-lisesi\/?p=3859"},"modified":"2021-12-07T13:50:08","modified_gmt":"2021-12-07T13:50:08","slug":"turkiye-ozel-okullar-derneginin-yeni-secilen-36-donem-yonetim-kurulu-ve-yuksek-istisare-konseyi-uyelerinden-olusan-heyet-bugun-anitkabiri-ziyaret-ederek-turkiye-cumhuriyetinin-ku","status":"publish","type":"post","link":"https:\/\/meltemayhan.k12.tr\/anadolu-fen-lisesi\/turkiye-ozel-okullar-derneginin-yeni-secilen-36-donem-yonetim-kurulu-ve-yuksek-istisare-konseyi-uyelerinden-olusan-heyet-bugun-anitkabiri-ziyaret-ederek-turkiye-cumhuriyetinin-ku\/","title":{"rendered":"T\u00fcrkiye \u00d6zel Okullar Derne\u011fi\u2019nin yeni se\u00e7ilen 36. D\u00f6nem Y\u00f6netim Kurulu ve Y\u00fcksek \u0130sti\u015fare Konseyi \u00fcyelerinden olu\u015fan heyet bug\u00fcn An\u0131tkabir&#8217;i ziyaret ederek, T\u00fcrkiye Cumhuriyeti\u2019nin kurucusu, Gazi Mustafa Kemal Atat\u00fcrk\u2019\u00fcn mozalesine \u00e7i\u00e7ek b\u0131rakt\u0131lar."},"content":{"rendered":"<p>T\u00fcrkiye \u00d6zel Okullar Derne\u011fi\u2019nin yeni se\u00e7ilen 36. D\u00f6nem Y\u00f6netim Kurulu ve Y\u00fcksek \u0130sti\u015fare Konseyi \u00fcyelerinden olu\u015fan heyet bug\u00fcn An\u0131tkabir&#8217;i ziyaret ederek, T\u00fcrkiye Cumhuriyeti\u2019nin kurucusu, Gazi Mustafa Kemal Atat\u00fcrk\u2019\u00fcn mozalesine \u00e7i\u00e7ek b\u0131rakt\u0131lar. An\u0131tkabir \u00d6zel Defteri\u2019ni imzalayan Y\u00f6netim Kurulu Ba\u015fkan\u0131m\u0131z Zafer \u00d6zt\u00fcrk, Y\u0130K Ba\u015fkan\u0131 Cem G\u00fclan ve beraberindeki heyet, Ankara\u2019daki \u00fcyelerimizle birlikte kendisine ve ilkelerine olan ba\u011fl\u0131l\u0131klar\u0131n\u0131 dile getirdiler.<\/p>\n","protected":false},"excerpt":{"rendered":"<p>T\u00fcrkiye \u00d6zel Okullar Derne\u011fi\u2019nin yeni se\u00e7ilen 36. D\u00f6nem Y\u00f6netim Kurulu [&hellip;]<\/p>\n","protected":false},"author":1,"featured_media":3860,"comment_status":"open","ping_status":"open","sticky":false,"template":"","format":"standard","meta":{"content-type":"","footnotes":""},"categories":[20,1,19,21,22],"tags":[],"class_list":["post-3859","post","type-post","status-publish","format-standard","has-post-thumbnail","hentry","category-anaokulu","category-genel","category-ilkokul","category-lise","category-ortaokul"],"_links":{"self":[{"href":"https:\/\/meltemayhan.k12.tr\/anadolu-fen-lisesi\/wp-json\/wp\/v2\/posts\/3859","targetHints":{"allow":["GET"]}}],"collection":[{"href":"https:\/\/meltemayhan.k12.tr\/anadolu-fen-lisesi\/wp-json\/wp\/v2\/posts"}],"about":[{"href":"https:\/\/meltemayhan.k12.tr\/anadolu-fen-lisesi\/wp-json\/wp\/v2\/types\/post"}],"author":[{"embeddable":true,"href":"https:\/\/meltemayhan.k12.tr\/anadolu-fen-lisesi\/wp-json\/wp\/v2\/users\/1"}],"replies":[{"embeddable":true,"href":"https:\/\/meltemayhan.k12.tr\/anadolu-fen-lisesi\/wp-json\/wp\/v2\/comments?post=3859"}],"version-history":[{"count":0,"href":"https:\/\/meltemayhan.k12.tr\/anadolu-fen-lisesi\/wp-json\/wp\/v2\/posts\/3859\/revisions"}],"wp:featuredmedia":[{"embeddable":true,"href":"https:\/\/meltemayhan.k12.tr\/anadolu-fen-lisesi\/wp-json\/"}],"wp:attachment":[{"href":"https:\/\/meltemayhan.k12.tr\/anadolu-fen-lisesi\/wp-json\/wp\/v2\/media?parent=3859"}],"wp:term":[{"taxonomy":"category","embeddable":true,"href":"https:\/\/meltemayhan.k12.tr\/anadolu-fen-lisesi\/wp-json\/wp\/v2\/categories?post=3859"},{"taxonomy":"post_tag","embeddable":true,"href":"https:\/\/meltemayhan.k12.tr\/anadolu-fen-lisesi\/wp-json\/wp\/v2\/tags?post=3859"}],"curies":[{"name":"wp","href":"https:\/\/api.w.org\/{rel}","templated":true}]}}