{"id":2948,"date":"2018-06-12T08:53:01","date_gmt":"2018-06-12T08:53:01","guid":{"rendered":"http:\/\/www.meltemayhan.k12.tr\/anadolu-fen-lisesi\/?p=2948"},"modified":"2018-06-12T08:53:01","modified_gmt":"2018-06-12T08:53:01","slug":"yil-sonu-sergimiz","status":"publish","type":"post","link":"https:\/\/meltemayhan.k12.tr\/anadolu-fen-lisesi\/yil-sonu-sergimiz\/","title":{"rendered":"Y\u0131l Sonu Sergimiz"},"content":{"rendered":"<p>G\u00f6rsel Sanatlar dersimizde y\u0131l boyunca ger\u00e7ekle\u015ftirdi\u011fimiz \u00e7al\u0131\u015fmalar\u0131m\u0131z\u0131n meyvesi g\u00f6r\u00fclmeye de\u011ferdi. Anaokulu, ilkokul ve ortaokul \u00f6\u011frencilerimizin 2017-2018 E\u011fitim \u00d6\u011fretim y\u0131l\u0131nda G\u00f6rsel Sanatlar dersinde yapt\u0131klar\u0131 \u00e7al\u0131\u015fmalardan olu\u015fan sergi, bir hafta boyunca a\u00e7\u0131k kald\u0131 ve y\u00fczlerce veli ve merakl\u0131 taraf\u0131ndan gezildi.<\/p>\n","protected":false},"excerpt":{"rendered":"<p>G\u00f6rsel Sanatlar dersimizde y\u0131l boyunca ger\u00e7ekle\u015ftirdi\u011fimiz \u00e7al\u0131\u015fmalar\u0131m\u0131z\u0131n meyvesi g\u00f6r\u00fclmeye de\u011ferdi. [&hellip;]<\/p>\n","protected":false},"author":1,"featured_media":2942,"comment_status":"open","ping_status":"open","sticky":false,"template":"","format":"standard","meta":{"content-type":"","footnotes":""},"categories":[20,1,19,21,22],"tags":[],"class_list":["post-2948","post","type-post","status-publish","format-standard","has-post-thumbnail","hentry","category-anaokulu","category-genel","category-ilkokul","category-lise","category-ortaokul"],"_links":{"self":[{"href":"https:\/\/meltemayhan.k12.tr\/anadolu-fen-lisesi\/wp-json\/wp\/v2\/posts\/2948","targetHints":{"allow":["GET"]}}],"collection":[{"href":"https:\/\/meltemayhan.k12.tr\/anadolu-fen-lisesi\/wp-json\/wp\/v2\/posts"}],"about":[{"href":"https:\/\/meltemayhan.k12.tr\/anadolu-fen-lisesi\/wp-json\/wp\/v2\/types\/post"}],"author":[{"embeddable":true,"href":"https:\/\/meltemayhan.k12.tr\/anadolu-fen-lisesi\/wp-json\/wp\/v2\/users\/1"}],"replies":[{"embeddable":true,"href":"https:\/\/meltemayhan.k12.tr\/anadolu-fen-lisesi\/wp-json\/wp\/v2\/comments?post=2948"}],"version-history":[{"count":0,"href":"https:\/\/meltemayhan.k12.tr\/anadolu-fen-lisesi\/wp-json\/wp\/v2\/posts\/2948\/revisions"}],"wp:featuredmedia":[{"embeddable":true,"href":"https:\/\/meltemayhan.k12.tr\/anadolu-fen-lisesi\/wp-json\/"}],"wp:attachment":[{"href":"https:\/\/meltemayhan.k12.tr\/anadolu-fen-lisesi\/wp-json\/wp\/v2\/media?parent=2948"}],"wp:term":[{"taxonomy":"category","embeddable":true,"href":"https:\/\/meltemayhan.k12.tr\/anadolu-fen-lisesi\/wp-json\/wp\/v2\/categories?post=2948"},{"taxonomy":"post_tag","embeddable":true,"href":"https:\/\/meltemayhan.k12.tr\/anadolu-fen-lisesi\/wp-json\/wp\/v2\/tags?post=2948"}],"curies":[{"name":"wp","href":"https:\/\/api.w.org\/{rel}","templated":true}]}}